{"headers": {"id": "ID", "data_inicio": "Abertura", "hora_inicio": "Hor\u00e1rio (hh:mm)", "data_fim": "Encerramento", "hora_fim": "Hor\u00e1rio (hh:mm)", "": "T\u00edtulo"}, "results": [{"id": "363", "data_inicio": "2026-04-16", "hora_inicio": "18:00", "data_fim": "", "hora_fim": "", "": "2\u00aa Extraordin\u00e1ria da 2\u00aa Sess\u00e3o Legislativa da 18\u00aa Legislatura"}, {"id": "362", "data_inicio": "2026-04-09", "hora_inicio": "18:00", "data_fim": "", "hora_fim": "", "": "5\u00aa Ordin\u00e1ria da 2\u00aa Sess\u00e3o Legislativa da 18\u00aa Legislatura"}, {"id": "361", "data_inicio": "2026-03-26", "hora_inicio": "18:00", "data_fim": "", "hora_fim": "", "": "4\u00aa Ordin\u00e1ria da 2\u00aa Sess\u00e3o Legislativa da 18\u00aa Legislatura"}, {"id": "360", "data_inicio": "2026-03-23", "hora_inicio": "18:00", "data_fim": "", "hora_fim": "", "": "3\u00aa Ordin\u00e1ria da 2\u00aa Sess\u00e3o Legislativa da 18\u00aa Legislatura"}, {"id": "359", "data_inicio": "2026-02-26", "hora_inicio": "18:00", "data_fim": "", "hora_fim": "", "": "2\u00aa Ordin\u00e1ria da 2\u00aa Sess\u00e3o Legislativa da 18\u00aa Legislatura"}, {"id": "358", "data_inicio": "2026-02-12", "hora_inicio": "18:00", "data_fim": "", "hora_fim": "", "": "1\u00aa Ordin\u00e1ria da 2\u00aa Sess\u00e3o Legislativa da 18\u00aa Legislatura"}, {"id": "356", "data_inicio": "2026-01-28", "hora_inicio": "10:30", "data_fim": "", "hora_fim": "", "": "1\u00aa Extraordin\u00e1ria da 2\u00aa Sess\u00e3o Legislativa da 18\u00aa Legislatura"}]}